{"id":1203,"date":"2015-02-08T22:12:15","date_gmt":"2015-02-08T20:12:15","guid":{"rendered":"http:\/\/www.tutele.net\/forotpa\/?p=1203"},"modified":"2015-02-08T22:12:15","modified_gmt":"2015-02-08T20:12:15","slug":"faciendol-mono-nuevo-programa-de-tpa","status":"publish","type":"post","link":"https:\/\/www.tutele.net\/forotpa\/2015\/02\/08\/faciendol-mono-nuevo-programa-de-tpa\/","title":{"rendered":"&#039;Faciendo&#039;l mono&#039;, nuevo programa de TPA"},"content":{"rendered":"<p>El lunes 9 de febrero TPA estrena &#8216;Faciendo&#8217;l mono&#8217; a las 21:35 horas. Un nuevo programa con Pedro Dur\u00e1n, Joaqu\u00edn Pajar\u00f3n y Alberto Rodr\u00edguez.<\/p>\n<div id=\"fb-root\"><\/div>\n<p> <script>(function(d, s, id) { var js, fjs = d.getElementsByTagName(s)[0]; if (d.getElementById(id)) return; js = d.createElement(s); js.id = id; js.src = \"\/\/connect.facebook.net\/es_ES\/all.js#xfbml=1\"; fjs.parentNode.insertBefore(js, fjs); }(document, 'script', 'facebook-jssdk'));<\/script><\/p>\n<div class=\"fb-post\" data-href=\"https:\/\/www.facebook.com\/permalink.php?story_fbid=783068835100786&amp;id=779126285495041\" data-width=\"466\">\n<div class=\"fb-xfbml-parse-ignore\"><a href=\"https:\/\/www.facebook.com\/permalink.php?story_fbid=783068835100786&amp;id=779126285495041\">una publicaci\u00f3n<\/a> de <a href=\"https:\/\/www.facebook.com\/pages\/Faciendol-Mono\/779126285495041\">Faciendo&#039;l Mono<\/a>.<\/div>\n<\/div>\n<p><script type=\"text\/javascript\">\n\tsas.call(\"std\", {\n\t\tsiteId:\t\t9787,\t\/\/\n\t\tpageId:\t\t72272,\t\/\/ P\u00e1gina : tutele\/others\n\t\tformatId:\t\t3854,\t\/\/ Formato : 300x250 300x250\n\t\ttarget:\t\t''\t\t\t\/\/ Segmentaci\u00f3n\n\t});\n<\/script><br \/>\n<noscript><br \/>\n\t<a href=\"http:\/\/reachandrich.antevenio.com\/ac?jump=1&#038;nwid=264&#038;siteid=9787&#038;pgname=others&#038;fmtid=3854&#038;visit=m&#038;tmstp=[timestamp]&#038;out=nonrich\" target=\"_blank\"><br \/>\n\t\t<img decoding=\"async\" src=\"http:\/\/reachandrich.antevenio.com\/ac?out=nonrich&#038;nwid=264&#038;siteid=9787&#038;pgname=others&#038;fmtid=3854&#038;visit=m&#038;tmstp=[timestamp]\" border=\"0\" alt=\"\" \/><\/a><br \/>\n<\/noscript><\/p>\n","protected":false},"excerpt":{"rendered":"<p>El lunes 9 de febrero TPA estrena &#8216;Faciendo&#8217;l mono&#8217; a las 21:35 horas. Un nuevo programa con Pedro Dur\u00e1n, Joaqu\u00edn Pajar\u00f3n y Alberto Rodr\u00edguez. una publicaci\u00f3n de Faciendo&#039;l Mono.<\/p>\n","protected":false},"author":2,"featured_media":0,"comment_status":"open","ping_status":"open","sticky":false,"template":"","format":"standard","meta":{"footnotes":""},"categories":[3],"tags":[105,4],"_links":{"self":[{"href":"https:\/\/www.tutele.net\/forotpa\/wp-json\/wp\/v2\/posts\/1203"}],"collection":[{"href":"https:\/\/www.tutele.net\/forotpa\/wp-json\/wp\/v2\/posts"}],"about":[{"href":"https:\/\/www.tutele.net\/forotpa\/wp-json\/wp\/v2\/types\/post"}],"author":[{"embeddable":true,"href":"https:\/\/www.tutele.net\/forotpa\/wp-json\/wp\/v2\/users\/2"}],"replies":[{"embeddable":true,"href":"https:\/\/www.tutele.net\/forotpa\/wp-json\/wp\/v2\/comments?post=1203"}],"version-history":[{"count":0,"href":"https:\/\/www.tutele.net\/forotpa\/wp-json\/wp\/v2\/posts\/1203\/revisions"}],"wp:attachment":[{"href":"https:\/\/www.tutele.net\/forotpa\/wp-json\/wp\/v2\/media?parent=1203"}],"wp:term":[{"taxonomy":"category","embeddable":true,"href":"https:\/\/www.tutele.net\/forotpa\/wp-json\/wp\/v2\/categories?post=1203"},{"taxonomy":"post_tag","embeddable":true,"href":"https:\/\/www.tutele.net\/forotpa\/wp-json\/wp\/v2\/tags?post=1203"}],"curies":[{"name":"wp","href":"https:\/\/api.w.org\/{rel}","templated":true}]}}