{"id":1426,"date":"2016-09-27T11:55:05","date_gmt":"2016-09-27T09:55:05","guid":{"rendered":"http:\/\/www.tutele.net\/forotpa\/?p=1426"},"modified":"2016-09-27T11:55:05","modified_gmt":"2016-09-27T09:55:05","slug":"barbara-alonso-peri-nueva-directora-informativos-rtpa","status":"publish","type":"post","link":"https:\/\/www.tutele.net\/forotpa\/2016\/09\/27\/barbara-alonso-peri-nueva-directora-informativos-rtpa\/","title":{"rendered":"B\u00e1rbara Alonso Peri, nueva directora de informativos de RTPA"},"content":{"rendered":"<p>RTPA ya tiene nombres para los tres nuevos puestos directivos. B\u00e1rbara Alonso Peri ser\u00e1 la nueva directora de informativos, Luc\u00eda Herrera Cueva directora de antena y Jaime Garc\u00eda Poncela director de medios digitales.<\/p>\n<h2>Direcci\u00f3n de informativos de RTPA:<\/h2>\n<p><a href=\"https:\/\/www.tutele.net\/forotpa\/wp-content\/blogs.dir\/11\/files\/2016\/09\/direccion-de-informativos-rtpa.png\"><img loading=\"lazy\" decoding=\"async\" class=\"aligncenter size-full wp-image-1428\" src=\"https:\/\/www.tutele.net\/forotpa\/wp-content\/blogs.dir\/11\/files\/2016\/09\/direccion-de-informativos-rtpa.png\" alt=\"direccion-de-informativos-rtpa\" width=\"595\" height=\"441\" srcset=\"https:\/\/www.tutele.net\/forotpa\/wp-content\/uploads\/2016\/09\/direccion-de-informativos-rtpa.png 595w, https:\/\/www.tutele.net\/forotpa\/wp-content\/uploads\/2016\/09\/direccion-de-informativos-rtpa-300x222.png 300w\" sizes=\"(max-width: 595px) 85vw, 595px\" \/><\/a><\/p>\n<p>&nbsp;<\/p>\n<h2>Direcci\u00f3n de antena de RTPA:<\/h2>\n<p><a href=\"https:\/\/www.tutele.net\/forotpa\/wp-content\/blogs.dir\/11\/files\/2016\/09\/direccion-de-antena-rtpa.png\"><img loading=\"lazy\" decoding=\"async\" class=\"aligncenter size-full wp-image-1429\" src=\"https:\/\/www.tutele.net\/forotpa\/wp-content\/blogs.dir\/11\/files\/2016\/09\/direccion-de-antena-rtpa.png\" alt=\"direccion-de-antena-rtpa\" width=\"592\" height=\"346\" srcset=\"https:\/\/www.tutele.net\/forotpa\/wp-content\/uploads\/2016\/09\/direccion-de-antena-rtpa.png 592w, https:\/\/www.tutele.net\/forotpa\/wp-content\/uploads\/2016\/09\/direccion-de-antena-rtpa-300x175.png 300w\" sizes=\"(max-width: 592px) 85vw, 592px\" \/><\/a><\/p>\n<p>&nbsp;<\/p>\n<h2>Direcci\u00f3n medios digitales:<\/h2>\n<p><a href=\"https:\/\/www.tutele.net\/forotpa\/wp-content\/blogs.dir\/11\/files\/2016\/09\/direccio\u0301n-multimedia-rtpa.png\"><img loading=\"lazy\" decoding=\"async\" class=\"aligncenter size-full wp-image-1427\" src=\"https:\/\/www.tutele.net\/forotpa\/wp-content\/blogs.dir\/11\/files\/2016\/09\/direccio\u0301n-multimedia-rtpa.png\" alt=\"direccion-multimedia-rtpa\" width=\"592\" height=\"246\" \/><\/a><\/p>\n<p>&nbsp;<\/p>\n<p><script type=\"text\/javascript\">\n\tsas.call(\"std\", {\n\t\tsiteId:\t\t9787,\t\/\/\n\t\tpageId:\t\t72272,\t\/\/ P\u00e1gina : tutele\/others\n\t\tformatId:\t\t3854,\t\/\/ Formato : 300x250 300x250\n\t\ttarget:\t\t''\t\t\t\/\/ Segmentaci\u00f3n\n\t});\n<\/script><br \/>\n<noscript><br \/>\n<a href=\"http:\/\/ww264.smartadserver.com\/ac?jump=1&#038;nwid=264&#038;siteid=9787&#038;pgname=others&#038;fmtid=3854&#038;visit=m&#038;tmstp=[timestamp]&#038;out=nonrich\" target=\"_blank\"><br \/>\n<img decoding=\"async\" src=\"http:\/\/ww264.smartadserver.com\/ac?out=nonrich&#038;nwid=264&#038;siteid=9787&#038;pgname=others&#038;fmtid=3854&#038;visit=m&#038;tmstp=[timestamp]\" border=\"0\" alt=\"\" \/><\/a><br \/>\n<\/noscript><\/p>\n<blockquote class=\"wp-embedded-content\" data-secret=\"eorbqrD2sk\"><p><a href=\"https:\/\/www.tutele.net\/forotpa\/2016\/08\/15\/estos-los-candidatos-los-nuevos-puestos-direccion-rtpa\/\">Estos son los candidatos a los nuevos puestos de direcci\u00f3n de RTPA<\/a><\/p><\/blockquote>\n<p><iframe class=\"wp-embedded-content\" sandbox=\"allow-scripts\" security=\"restricted\" style=\"position: absolute; clip: rect(1px, 1px, 1px, 1px);\" title=\"\u00abEstos son los candidatos a los nuevos puestos de direcci\u00f3n de RTPA\u00bb \u2014 Blog sobre RTPA\" src=\"https:\/\/www.tutele.net\/forotpa\/2016\/08\/15\/estos-los-candidatos-los-nuevos-puestos-direccion-rtpa\/embed\/#?secret=MGdMPDhmvr#?secret=eorbqrD2sk\" data-secret=\"eorbqrD2sk\" width=\"600\" height=\"338\" frameborder=\"0\" marginwidth=\"0\" marginheight=\"0\" scrolling=\"no\"><\/iframe><\/p>\n","protected":false},"excerpt":{"rendered":"<p>RTPA ya tiene nombres para los tres nuevos puestos directivos. B\u00e1rbara Alonso Peri ser\u00e1 la nueva directora de informativos, Luc\u00eda Herrera Cueva directora de antena y Jaime Garc\u00eda Poncela director de medios digitales. Direcci\u00f3n de informativos de RTPA: &nbsp; Direcci\u00f3n de antena de RTPA: &nbsp; Direcci\u00f3n medios digitales: &nbsp; Estos son los candidatos a los &hellip; <a href=\"https:\/\/www.tutele.net\/forotpa\/2016\/09\/27\/barbara-alonso-peri-nueva-directora-informativos-rtpa\/\" class=\"more-link\">Continuar leyendo<span class=\"screen-reader-text\"> \u00abB\u00e1rbara Alonso Peri, nueva directora de informativos de RTPA\u00bb<\/span><\/a><\/p>\n","protected":false},"author":2,"featured_media":0,"comment_status":"open","ping_status":"closed","sticky":false,"template":"","format":"standard","meta":{"footnotes":""},"categories":[8],"tags":[9,4,15],"_links":{"self":[{"href":"https:\/\/www.tutele.net\/forotpa\/wp-json\/wp\/v2\/posts\/1426"}],"collection":[{"href":"https:\/\/www.tutele.net\/forotpa\/wp-json\/wp\/v2\/posts"}],"about":[{"href":"https:\/\/www.tutele.net\/forotpa\/wp-json\/wp\/v2\/types\/post"}],"author":[{"embeddable":true,"href":"https:\/\/www.tutele.net\/forotpa\/wp-json\/wp\/v2\/users\/2"}],"replies":[{"embeddable":true,"href":"https:\/\/www.tutele.net\/forotpa\/wp-json\/wp\/v2\/comments?post=1426"}],"version-history":[{"count":0,"href":"https:\/\/www.tutele.net\/forotpa\/wp-json\/wp\/v2\/posts\/1426\/revisions"}],"wp:attachment":[{"href":"https:\/\/www.tutele.net\/forotpa\/wp-json\/wp\/v2\/media?parent=1426"}],"wp:term":[{"taxonomy":"category","embeddable":true,"href":"https:\/\/www.tutele.net\/forotpa\/wp-json\/wp\/v2\/categories?post=1426"},{"taxonomy":"post_tag","embeddable":true,"href":"https:\/\/www.tutele.net\/forotpa\/wp-json\/wp\/v2\/tags?post=1426"}],"curies":[{"name":"wp","href":"https:\/\/api.w.org\/{rel}","templated":true}]}}